{"id":548,"date":"2021-06-22T22:44:54","date_gmt":"2021-06-22T20:44:54","guid":{"rendered":"https:\/\/kancelariahojda.pl\/?p=548"},"modified":"2021-06-22T22:44:54","modified_gmt":"2021-06-22T20:44:54","slug":"czy-osoba-ograniczona-w-zdolnosci-do-czynnosci-prawnych-moze-podjac-zatrudnienie","status":"publish","type":"post","link":"https:\/\/kancelariahojda.pl\/en\/blog\/2021\/06\/22\/czy-osoba-ograniczona-w-zdolnosci-do-czynnosci-prawnych-moze-podjac-zatrudnienie\/","title":{"rendered":"Czy osoba ograniczona w zdolno\u015bci do czynno\u015bci prawnych mo\u017ce podj\u0105\u0107 zatrudnienie?"},"content":{"rendered":"<p>Tak. Zgodnie z art. 22 \u00a73 KP osoba ograniczona w zdolno\u015bci do czynno\u015bci prawnych mo\u017ce zar\u00f3wno nawi\u0105za\u0107 stosunek pracy jak i podejmowa\u0107 czynno\u015bci z tym stosunkiem zwi\u0105zane. Ograniczon\u0105 zdolno\u015b\u0107 do czynno\u015bci prawnych maj\u0105:<\/p>\n<ol>\n<li>ma\u0142oletni od uko\u0144czenia 13 roku \u017cycia do 18 roku \u017cycia,<\/li>\n<li>osoby ubezw\u0142asnowolnione cz\u0119\u015bciowo z powodu choroby psychicznej, niedorozwoju umys\u0142owego albo innego rodzaju zaburze\u0144 psychicznych, w szczeg\u00f3lno\u015bci pija\u0144stwa lub narkomanii, kt\u00f3rych stan nie uzasadnia ubezw\u0142asnowolnienia ca\u0142kowitego.<\/li>\n<\/ol>\n<p>Jednak je\u017celi stosunek pracy by\u0142by sprzeczny z dobrem tej osoby, jej przedstawiciel ustawowy mo\u017ce domaga\u0107 si\u0119 rozwi\u0105zania stosunku pracy po uzyskaniu zezwolenia s\u0105du opieku\u0144czego.<\/p>\n","protected":false},"excerpt":{"rendered":"<p>Tak. Zgodnie z art. 22 \u00a73 KP osoba ograniczona w zdolno\u015bci do czynno\u015bci prawnych mo\u017ce zar\u00f3wno nawi\u0105za\u0107 stosunek pracy jak i podejmowa\u0107 czynno\u015bci z tym stosunkiem zwi\u0105zane. Ograniczon\u0105 zdolno\u015b\u0107 do czynno\u015bci prawnych maj\u0105: ma\u0142oletni od uko\u0144czenia 13 roku \u017cycia do 18 roku \u017cycia, osoby ubezw\u0142asnowolnione cz\u0119\u015bciowo z powodu choroby psychicznej, niedorozwoju umys\u0142owego albo innego rodzaju [&hellip;]<\/p>\n","protected":false},"author":1,"featured_media":0,"comment_status":"open","ping_status":"open","sticky":false,"template":"","format":"standard","meta":[],"categories":[9],"tags":[],"yoast_head":"<!-- This site is optimized with the Yoast SEO plugin v16.5 - https:\/\/yoast.com\/wordpress\/plugins\/seo\/ -->\n<title>Czy osoba ograniczona w zdolno\u015bci do czynno\u015bci prawnych mo\u017ce podj\u0105\u0107 zatrudnienie? - Radca Prawny Karol Hojda<\/title>\n<meta name=\"robots\" content=\"index, follow, max-snippet:-1, max-image-preview:large, max-video-preview:-1\" \/>\n<link rel=\"canonical\" href=\"https:\/\/kancelariahojda.pl\/en\/blog\/2021\/06\/22\/czy-osoba-ograniczona-w-zdolnosci-do-czynnosci-prawnych-moze-podjac-zatrudnienie\/\" \/>\n<meta property=\"og:locale\" content=\"pl_PL\" \/>\n<meta property=\"og:type\" content=\"article\" \/>\n<meta property=\"og:title\" content=\"Czy osoba ograniczona w zdolno\u015bci do czynno\u015bci prawnych mo\u017ce podj\u0105\u0107 zatrudnienie? - Radca Prawny Karol Hojda\" \/>\n<meta property=\"og:description\" content=\"Tak. Zgodnie z art. 22 \u00a73 KP osoba ograniczona w zdolno\u015bci do czynno\u015bci prawnych mo\u017ce zar\u00f3wno nawi\u0105za\u0107 stosunek pracy jak i podejmowa\u0107 czynno\u015bci z tym stosunkiem zwi\u0105zane. Ograniczon\u0105 zdolno\u015b\u0107 do czynno\u015bci prawnych maj\u0105: ma\u0142oletni od uko\u0144czenia 13 roku \u017cycia do 18 roku \u017cycia, osoby ubezw\u0142asnowolnione cz\u0119\u015bciowo z powodu choroby psychicznej, niedorozwoju umys\u0142owego albo innego rodzaju [&hellip;]\" \/>\n<meta property=\"og:url\" content=\"https:\/\/kancelariahojda.pl\/en\/blog\/2021\/06\/22\/czy-osoba-ograniczona-w-zdolnosci-do-czynnosci-prawnych-moze-podjac-zatrudnienie\/\" \/>\n<meta property=\"og:site_name\" content=\"Radca Prawny Karol Hojda\" \/>\n<meta property=\"article:published_time\" content=\"2021-06-22T20:44:54+00:00\" \/>\n<meta name=\"twitter:card\" content=\"summary_large_image\" \/>\n<meta name=\"twitter:label1\" content=\"Szacowany czas czytania\" \/>\n\t<meta name=\"twitter:data1\" content=\"1 minuta\" \/>\n<script type=\"application\/ld+json\" class=\"yoast-schema-graph\">{\"@context\":\"https:\/\/schema.org\",\"@graph\":[{\"@type\":\"WebSite\",\"@id\":\"https:\/\/kancelariahojda.pl\/en\/#website\",\"url\":\"https:\/\/kancelariahojda.pl\/en\/\",\"name\":\"Radca Prawny Karol Hojda\",\"description\":\"Kancelaria Prawna Wroc\\u0142aw\",\"potentialAction\":[{\"@type\":\"SearchAction\",\"target\":\"https:\/\/kancelariahojda.pl\/en\/?s={search_term_string}\",\"query-input\":\"required name=search_term_string\"}],\"inLanguage\":\"pl-PL\"},{\"@type\":\"WebPage\",\"@id\":\"https:\/\/kancelariahojda.pl\/en\/blog\/2021\/06\/22\/czy-osoba-ograniczona-w-zdolnosci-do-czynnosci-prawnych-moze-podjac-zatrudnienie\/#webpage\",\"url\":\"https:\/\/kancelariahojda.pl\/en\/blog\/2021\/06\/22\/czy-osoba-ograniczona-w-zdolnosci-do-czynnosci-prawnych-moze-podjac-zatrudnienie\/\",\"name\":\"Czy osoba ograniczona w zdolno\\u015bci do czynno\\u015bci prawnych mo\\u017ce podj\\u0105\\u0107 zatrudnienie? - Radca Prawny Karol Hojda\",\"isPartOf\":{\"@id\":\"https:\/\/kancelariahojda.pl\/en\/#website\"},\"datePublished\":\"2021-06-22T20:44:54+00:00\",\"dateModified\":\"2021-06-22T20:44:54+00:00\",\"author\":{\"@id\":\"https:\/\/kancelariahojda.pl\/en\/#\/schema\/person\/5d4ab2c7c6e686c2090db4afe7af4252\"},\"breadcrumb\":{\"@id\":\"https:\/\/kancelariahojda.pl\/en\/blog\/2021\/06\/22\/czy-osoba-ograniczona-w-zdolnosci-do-czynnosci-prawnych-moze-podjac-zatrudnienie\/#breadcrumb\"},\"inLanguage\":\"pl-PL\",\"potentialAction\":[{\"@type\":\"ReadAction\",\"target\":[\"https:\/\/kancelariahojda.pl\/en\/blog\/2021\/06\/22\/czy-osoba-ograniczona-w-zdolnosci-do-czynnosci-prawnych-moze-podjac-zatrudnienie\/\"]}]},{\"@type\":\"BreadcrumbList\",\"@id\":\"https:\/\/kancelariahojda.pl\/en\/blog\/2021\/06\/22\/czy-osoba-ograniczona-w-zdolnosci-do-czynnosci-prawnych-moze-podjac-zatrudnienie\/#breadcrumb\",\"itemListElement\":[{\"@type\":\"ListItem\",\"position\":1,\"name\":\"Strona g\\u0142\\u00f3wna\",\"item\":\"https:\/\/kancelariahojda.pl\/en\/\"},{\"@type\":\"ListItem\",\"position\":2,\"name\":\"Czy osoba ograniczona w zdolno\\u015bci do czynno\\u015bci prawnych mo\\u017ce podj\\u0105\\u0107 zatrudnienie?\"}]},{\"@type\":\"Person\",\"@id\":\"https:\/\/kancelariahojda.pl\/en\/#\/schema\/person\/5d4ab2c7c6e686c2090db4afe7af4252\",\"name\":\"r. pr. Karol Hojda\",\"image\":{\"@type\":\"ImageObject\",\"@id\":\"https:\/\/kancelariahojda.pl\/en\/#personlogo\",\"inLanguage\":\"pl-PL\",\"url\":\"https:\/\/secure.gravatar.com\/avatar\/095d9f7c49e1f61d7ffe24b42e2822e8?s=96&d=mm&r=g\",\"contentUrl\":\"https:\/\/secure.gravatar.com\/avatar\/095d9f7c49e1f61d7ffe24b42e2822e8?s=96&d=mm&r=g\",\"caption\":\"r. pr. Karol Hojda\"},\"sameAs\":[\"https:\/\/kancelariahojda.pl\"],\"url\":\"https:\/\/kancelariahojda.pl\/en\/blog\/author\/admin5853\/\"}]}<\/script>\n<!-- \/ Yoast SEO plugin. -->","_links":{"self":[{"href":"https:\/\/kancelariahojda.pl\/en\/wp-json\/wp\/v2\/posts\/548"}],"collection":[{"href":"https:\/\/kancelariahojda.pl\/en\/wp-json\/wp\/v2\/posts"}],"about":[{"href":"https:\/\/kancelariahojda.pl\/en\/wp-json\/wp\/v2\/types\/post"}],"author":[{"embeddable":true,"href":"https:\/\/kancelariahojda.pl\/en\/wp-json\/wp\/v2\/users\/1"}],"replies":[{"embeddable":true,"href":"https:\/\/kancelariahojda.pl\/en\/wp-json\/wp\/v2\/comments?post=548"}],"version-history":[{"count":1,"href":"https:\/\/kancelariahojda.pl\/en\/wp-json\/wp\/v2\/posts\/548\/revisions"}],"predecessor-version":[{"id":549,"href":"https:\/\/kancelariahojda.pl\/en\/wp-json\/wp\/v2\/posts\/548\/revisions\/549"}],"wp:attachment":[{"href":"https:\/\/kancelariahojda.pl\/en\/wp-json\/wp\/v2\/media?parent=548"}],"wp:term":[{"taxonomy":"category","embeddable":true,"href":"https:\/\/kancelariahojda.pl\/en\/wp-json\/wp\/v2\/categories?post=548"},{"taxonomy":"post_tag","embeddable":true,"href":"https:\/\/kancelariahojda.pl\/en\/wp-json\/wp\/v2\/tags?post=548"}],"curies":[{"name":"wp","href":"https:\/\/api.w.org\/{rel}","templated":true}]}}