{"id":544,"date":"2021-06-22T22:34:52","date_gmt":"2021-06-22T20:34:52","guid":{"rendered":"https:\/\/kancelariahojda.pl\/?p=544"},"modified":"2021-06-22T22:34:52","modified_gmt":"2021-06-22T20:34:52","slug":"czy-musze-wozic-ze-soba-kolo-zapasowe","status":"publish","type":"post","link":"https:\/\/kancelariahojda.pl\/en\/blog\/2021\/06\/22\/czy-musze-wozic-ze-soba-kolo-zapasowe\/","title":{"rendered":"Czy musz\u0119 wozi\u0107 ze sob\u0105 ko\u0142o zapasowe?"},"content":{"rendered":"<p>Przedmiotowe zagadnienie reguluje Rozporz\u0105dzenie Ministra Infrastruktury w sprawie warunk\u00f3w technicznych pojazd\u00f3w oraz zakresu ich niezb\u0119dnego wyposa\u017cenia t.j. Dz.U. z 2016 r. poz. 2022. Na terenie Polski, obowi\u0105zkowym &#8220;dodatkowym&#8221; wyposa\u017ceniem pojazdu jest tr\u00f3jk\u0105t oraz ga\u015bnica. Warto w tym miejscu zaznaczy\u0107, i\u017c zgodnie z prawem ga\u015bnica <strong>nie musi posiada\u0107 aktualnego terminu<\/strong> <strong>przydatno\u015bci do u\u017cytku<\/strong>. Ko\u0142o zapasowe stanowi obowi\u0105zkowy element jedynie w okre\u015blonego rodzaju pojazdach jak\u00a0 np. w taks\u00f3wkach czy niekt\u00f3rych autobusach.<\/p>\n<p>Brak jest r\u00f3wnie\u017c obowi\u0105zku posiadania apteczki czy kamizelki odblaskowej. Natomiast brak ga\u015bnicy czy tr\u00f3jk\u0105ta mo\u017ce skutkowa\u0107 otrzymaniem mandatu w wysoko\u015bci od 20 do 500 z\u0142.<\/p>\n","protected":false},"excerpt":{"rendered":"<p>Przedmiotowe zagadnienie reguluje Rozporz\u0105dzenie Ministra Infrastruktury w sprawie warunk\u00f3w technicznych pojazd\u00f3w oraz zakresu ich niezb\u0119dnego wyposa\u017cenia t.j. Dz.U. z 2016 r. poz. 2022. Na terenie Polski, obowi\u0105zkowym &#8220;dodatkowym&#8221; wyposa\u017ceniem pojazdu jest tr\u00f3jk\u0105t oraz ga\u015bnica. Warto w tym miejscu zaznaczy\u0107, i\u017c zgodnie z prawem ga\u015bnica nie musi posiada\u0107 aktualnego terminu przydatno\u015bci do u\u017cytku. Ko\u0142o zapasowe stanowi [&hellip;]<\/p>\n","protected":false},"author":1,"featured_media":0,"comment_status":"open","ping_status":"open","sticky":false,"template":"","format":"standard","meta":[],"categories":[11],"tags":[],"yoast_head":"<!-- This site is optimized with the Yoast SEO plugin v16.5 - https:\/\/yoast.com\/wordpress\/plugins\/seo\/ -->\n<title>Czy musz\u0119 wozi\u0107 ze sob\u0105 ko\u0142o zapasowe? - Radca Prawny Karol Hojda<\/title>\n<meta name=\"robots\" content=\"index, follow, max-snippet:-1, max-image-preview:large, max-video-preview:-1\" \/>\n<link rel=\"canonical\" href=\"https:\/\/kancelariahojda.pl\/en\/blog\/2021\/06\/22\/czy-musze-wozic-ze-soba-kolo-zapasowe\/\" \/>\n<meta property=\"og:locale\" content=\"pl_PL\" \/>\n<meta property=\"og:type\" content=\"article\" \/>\n<meta property=\"og:title\" content=\"Czy musz\u0119 wozi\u0107 ze sob\u0105 ko\u0142o zapasowe? - Radca Prawny Karol Hojda\" \/>\n<meta property=\"og:description\" content=\"Przedmiotowe zagadnienie reguluje Rozporz\u0105dzenie Ministra Infrastruktury w sprawie warunk\u00f3w technicznych pojazd\u00f3w oraz zakresu ich niezb\u0119dnego wyposa\u017cenia t.j. Dz.U. z 2016 r. poz. 2022. Na terenie Polski, obowi\u0105zkowym &#8220;dodatkowym&#8221; wyposa\u017ceniem pojazdu jest tr\u00f3jk\u0105t oraz ga\u015bnica. Warto w tym miejscu zaznaczy\u0107, i\u017c zgodnie z prawem ga\u015bnica nie musi posiada\u0107 aktualnego terminu przydatno\u015bci do u\u017cytku. Ko\u0142o zapasowe stanowi [&hellip;]\" \/>\n<meta property=\"og:url\" content=\"https:\/\/kancelariahojda.pl\/en\/blog\/2021\/06\/22\/czy-musze-wozic-ze-soba-kolo-zapasowe\/\" \/>\n<meta property=\"og:site_name\" content=\"Radca Prawny Karol Hojda\" \/>\n<meta property=\"article:published_time\" content=\"2021-06-22T20:34:52+00:00\" \/>\n<meta name=\"twitter:card\" content=\"summary_large_image\" \/>\n<meta name=\"twitter:label1\" content=\"Szacowany czas czytania\" \/>\n\t<meta name=\"twitter:data1\" content=\"1 minuta\" \/>\n<script type=\"application\/ld+json\" class=\"yoast-schema-graph\">{\"@context\":\"https:\/\/schema.org\",\"@graph\":[{\"@type\":\"WebSite\",\"@id\":\"https:\/\/kancelariahojda.pl\/en\/#website\",\"url\":\"https:\/\/kancelariahojda.pl\/en\/\",\"name\":\"Radca Prawny Karol Hojda\",\"description\":\"Kancelaria Prawna Wroc\\u0142aw\",\"potentialAction\":[{\"@type\":\"SearchAction\",\"target\":\"https:\/\/kancelariahojda.pl\/en\/?s={search_term_string}\",\"query-input\":\"required name=search_term_string\"}],\"inLanguage\":\"pl-PL\"},{\"@type\":\"WebPage\",\"@id\":\"https:\/\/kancelariahojda.pl\/en\/blog\/2021\/06\/22\/czy-musze-wozic-ze-soba-kolo-zapasowe\/#webpage\",\"url\":\"https:\/\/kancelariahojda.pl\/en\/blog\/2021\/06\/22\/czy-musze-wozic-ze-soba-kolo-zapasowe\/\",\"name\":\"Czy musz\\u0119 wozi\\u0107 ze sob\\u0105 ko\\u0142o zapasowe? - Radca Prawny Karol Hojda\",\"isPartOf\":{\"@id\":\"https:\/\/kancelariahojda.pl\/en\/#website\"},\"datePublished\":\"2021-06-22T20:34:52+00:00\",\"dateModified\":\"2021-06-22T20:34:52+00:00\",\"author\":{\"@id\":\"https:\/\/kancelariahojda.pl\/en\/#\/schema\/person\/5d4ab2c7c6e686c2090db4afe7af4252\"},\"breadcrumb\":{\"@id\":\"https:\/\/kancelariahojda.pl\/en\/blog\/2021\/06\/22\/czy-musze-wozic-ze-soba-kolo-zapasowe\/#breadcrumb\"},\"inLanguage\":\"pl-PL\",\"potentialAction\":[{\"@type\":\"ReadAction\",\"target\":[\"https:\/\/kancelariahojda.pl\/en\/blog\/2021\/06\/22\/czy-musze-wozic-ze-soba-kolo-zapasowe\/\"]}]},{\"@type\":\"BreadcrumbList\",\"@id\":\"https:\/\/kancelariahojda.pl\/en\/blog\/2021\/06\/22\/czy-musze-wozic-ze-soba-kolo-zapasowe\/#breadcrumb\",\"itemListElement\":[{\"@type\":\"ListItem\",\"position\":1,\"name\":\"Strona g\\u0142\\u00f3wna\",\"item\":\"https:\/\/kancelariahojda.pl\/en\/\"},{\"@type\":\"ListItem\",\"position\":2,\"name\":\"Czy musz\\u0119 wozi\\u0107 ze sob\\u0105 ko\\u0142o zapasowe?\"}]},{\"@type\":\"Person\",\"@id\":\"https:\/\/kancelariahojda.pl\/en\/#\/schema\/person\/5d4ab2c7c6e686c2090db4afe7af4252\",\"name\":\"r. pr. Karol Hojda\",\"image\":{\"@type\":\"ImageObject\",\"@id\":\"https:\/\/kancelariahojda.pl\/en\/#personlogo\",\"inLanguage\":\"pl-PL\",\"url\":\"https:\/\/secure.gravatar.com\/avatar\/095d9f7c49e1f61d7ffe24b42e2822e8?s=96&d=mm&r=g\",\"contentUrl\":\"https:\/\/secure.gravatar.com\/avatar\/095d9f7c49e1f61d7ffe24b42e2822e8?s=96&d=mm&r=g\",\"caption\":\"r. pr. Karol Hojda\"},\"sameAs\":[\"https:\/\/kancelariahojda.pl\"],\"url\":\"https:\/\/kancelariahojda.pl\/en\/blog\/author\/admin5853\/\"}]}<\/script>\n<!-- \/ Yoast SEO plugin. -->","_links":{"self":[{"href":"https:\/\/kancelariahojda.pl\/en\/wp-json\/wp\/v2\/posts\/544"}],"collection":[{"href":"https:\/\/kancelariahojda.pl\/en\/wp-json\/wp\/v2\/posts"}],"about":[{"href":"https:\/\/kancelariahojda.pl\/en\/wp-json\/wp\/v2\/types\/post"}],"author":[{"embeddable":true,"href":"https:\/\/kancelariahojda.pl\/en\/wp-json\/wp\/v2\/users\/1"}],"replies":[{"embeddable":true,"href":"https:\/\/kancelariahojda.pl\/en\/wp-json\/wp\/v2\/comments?post=544"}],"version-history":[{"count":1,"href":"https:\/\/kancelariahojda.pl\/en\/wp-json\/wp\/v2\/posts\/544\/revisions"}],"predecessor-version":[{"id":545,"href":"https:\/\/kancelariahojda.pl\/en\/wp-json\/wp\/v2\/posts\/544\/revisions\/545"}],"wp:attachment":[{"href":"https:\/\/kancelariahojda.pl\/en\/wp-json\/wp\/v2\/media?parent=544"}],"wp:term":[{"taxonomy":"category","embeddable":true,"href":"https:\/\/kancelariahojda.pl\/en\/wp-json\/wp\/v2\/categories?post=544"},{"taxonomy":"post_tag","embeddable":true,"href":"https:\/\/kancelariahojda.pl\/en\/wp-json\/wp\/v2\/tags?post=544"}],"curies":[{"name":"wp","href":"https:\/\/api.w.org\/{rel}","templated":true}]}}